{"id":12119,"date":"2019-08-17T13:33:24","date_gmt":"2019-08-17T13:33:24","guid":{"rendered":"https:\/\/llproducts1.wpenginepowered.com\/temp-de\/?p=678"},"modified":"2026-04-16T15:59:45","modified_gmt":"2026-04-16T15:59:45","slug":"ll-products-welcomes-new-general-manager-mr-stefan-albert-van-doninck-to-china-office","status":"publish","type":"post","link":"https:\/\/www.llproducts.com\/de-de\/news-events\/ll-products-welcomes-new-general-manager-mr-stefan-albert-van-doninck-to-china-office\/","title":{"rendered":"L&amp;L Products begr\u00fc\u00dft den neuen Gesch\u00e4ftsf\u00fchrer, Herrn Stefan Albert Van Doninck, im B\u00fcro in China"},"content":{"rendered":"<p class=\"Paragraph BCX2 SCXW248106856 in-view\"><strong class=\"BCX2 SCXW248106856 TextRun\" data-contrast=\"auto\"><span class=\"BCX2 NormalTextRun SCXW248106856\">Romeo, Michigan, 18. August 2019 - <\/span><\/strong><span class=\"BCX2 SCXW248106856 TextRun\"><span class=\"BCX2 NormalTextRun SCXW248106856\">L&amp;L Products freut sich, seinen neuen Generaldirektor f\u00fcr China, Herrn Stefan Albert Van <\/span><span class=\"BCX2 NormalTextRun SCXW248106856 SpellingErrorV2\">Doninck<\/span><span class=\"BCX2 NormalTextRun SCXW248106856\">, Anfang dieses Monats in seinem B\u00fcro in Shanghai willkommen zu hei\u00dfen.\u202f<\/span><\/span><\/p>\n<p class=\"in-view\"><\/p>\n<p class=\"Paragraph BCX2 SCXW80198906 in-view\"><span class=\"BCX2 SCXW80198906 TextRun\"><span class=\"BCX2 NormalTextRun SCXW80198906\">Herr Van <\/span><span class=\"BCX2 NormalTextRun SCXW80198906 SpellingErrorV2\">Doninck<\/span><span class=\"BCX2 NormalTextRun SCXW80198906\"> begann seine Karriere in Belgien bei <\/span><\/span><a class=\"Hyperlink  BCX2 SCXW80198906\" href=\"https:\/\/www.eftec.ch\/en\/\" target=\"_blank\" rel=\"noreferrer noopener\"><span class=\"BCX2 SCXW80198906 TextRun Underlined\"><span class=\"BCX2 NormalTextRun SCXW80198906\">EFTEC<\/span><\/span><\/a><span class=\"BCX2 SCXW80198906 TextRun\"><span class=\"BCX2 NormalTextRun SCXW80198906\">, einem Automobilzulieferer von technischen Materialien und Anwendungssystemen f\u00fcr Kleben, Beschichten, Dichten und D\u00e4mpfen. Urspr\u00fcnglich war er auf dem Gebiet des Materialdesigns von Beschichtungs- und Dichtungsmaterialien f\u00fcr den deutschen Automobilmarkt t\u00e4tig, einschlie\u00dflich der Verantwortung bis zum Produktionsstart (SOP).\u202f<\/span><\/span><\/p>\n<p class=\"Paragraph BCX2 SCXW74450641 in-view\"><span class=\"BCX2 SCXW74450641 TextRun\"><span class=\"BCX2 NormalTextRun SCXW74450641\">Nach Jahren als F&amp;E-Ingenieur wechselte Herr Van <\/span><span class=\"BCX2 NormalTextRun SCXW74450641 SpellingErrorV2\">Doninck<\/span><span class=\"BCX2 NormalTextRun SCXW74450641\"> dann von Europa nach Asien und ist seitdem <\/span><span class=\"BCX2 ContextualSpellingAndGrammarErrorV2 NormalTextRun SCXW74450641\">dort geblieben<\/span><span class=\"BCX2 NormalTextRun SCXW74450641\">. Zuletzt war er als General Manager China f\u00fcr PU- und Elastomer-Produktlinien in der Niederlassung in <\/span><span class=\"BCX2 NormalTextRun SCXW74450641 SpellingErrorV2\">Changchuni<\/span><span class=\"BCX2 NormalTextRun SCXW74450641\"> t\u00e4tig.\u202f <\/span><\/span><span class=\"BCX2 SCXW74450641 TextRun\"><span class=\"BCX2 NormalTextRun SCXW74450641\">\u202f<\/span><\/span><\/p>\n\n<blockquote class=\"in-view\">\n<p class=\"Paragraph SCXW104089864 BCX2\"><span class=\"BCX2 SCXW104089864 TextRun\"><span class=\"BCX2 NormalTextRun SCXW104089864\">\"Ich bin vor Jahren nach Asien gegangen, weil es eine gro\u00dfe Chance war, das China-Gesch\u00e4ft von Grund auf aufzubauen. Als ich ankam, gab es in dem Unternehmen, in dem ich angefangen hatte, nur eine andere Person und mich selbst. Ich hatte das Gl\u00fcck, an verschiedenen gesch\u00e4ftlichen Erfolgen beteiligt zu sein, darunter Marktexpansionen und neue Gesch\u00e4ftsm\u00f6glichkeiten\", sagte Herr Van <\/span><span class=\"BCX2 NormalTextRun SCXW104089864 SpellingErrorV2\">Doninck<\/span><span class=\"BCX2 NormalTextRun SCXW104089864\">. L&amp;L Products ist begeistert, Herrn Van <\/span><span class=\"BCX2 NormalTextRun SCXW104089864 SpellingErrorV2\">Doninck<\/span><span class=\"BCX2 NormalTextRun SCXW104089864\"> an Bord zu haben und freut sich auf die positiven Auswirkungen, die er auf die APAC-Region haben wird. \"Als neuer General Manager der APAC-Region von L&amp;L Products hoffe ich, das Jahresbudget zu erf\u00fcllen und zu \u00fcbertreffen, die Moral des lokalen Teams zu verbessern und die Gesch\u00e4ftsdiversifizierung zu sichern\".\u202f <\/span><\/span><span class=\"BCX2 SCXW104089864 TextRun\"><span class=\"BCX2 NormalTextRun SCXW104089864\">\u202f<\/span><\/span><\/p>\n<\/blockquote>\n<p class=\"Paragraph BCX2 SCXW130241166 in-view\"><span class=\"BCX2 SCXW130241166 TextRun\"><span class=\"BCX2 NormalTextRun SCXW130241166\">Weitere Informationen \u00fcber den neuen General Manager der APAC-Region von L&amp;L erhalten Sie von Andrea Smith, Global Marketing and Communications Manager von L&amp;L, unter andrea.smith@llproducts.com.\u202f <\/span><\/span><span class=\"BCX2 SCXW130241166 TextRun\"><span class=\"BCX2 NormalTextRun SCXW130241166\">\u202f<\/span><\/span><\/p>\n<p class=\"Paragraph SCXW106828743 BCX2 in-view\"><strong class=\"BCX2 SCXW106828743 TextRun\" data-contrast=\"auto\"><span class=\"BCX2 NormalTextRun SCXW106828743\">\u00dcber L&amp;L <\/span><\/strong><strong class=\"BCX2 SCXW106828743 TextRun\" data-contrast=\"auto\"><span class=\"BCX2 NormalTextRun SCXW106828743\">Products<\/span><\/strong> <strong class=\"BCX2 SCXW106828743 TextRun\" data-contrast=\"auto\"><span class=\"BCX2 NormalTextRun SCXW106828743\">\u202f<\/span><\/strong><\/p>\n<p class=\"Paragraph BCX2 SCXW227049126 in-view\"><span class=\"BCX2 SCXW227049126 TextRun\"><span class=\"BCX2 NormalTextRun SCXW227049126\">L&amp;L Products ist ein technologieorientiertes Business-<\/span><\/span><span class=\"BCX2 SCXW227049126 TextRun\"><span class=\"BCX2 NormalTextRun SCXW227049126 SpellingErrorV2\">to<\/span><\/span><span class=\"BCX2 SCXW227049126 TextRun\"><span class=\"BCX2 NormalTextRun SCXW227049126\">-Business-Unternehmen, das \u00fcber einzigartige Fachkenntnisse in den Bereichen statische Abdichtung, Akustik, Schwingungsd\u00e4mpfung, Strukturverst\u00e4rkungen und Verbundwerkstoffkomponenten f\u00fcr Automobil-, Luft- und Raumfahrt-, Nutzfahrzeug- und andere industrielle Anwendungen verf\u00fcgt. Heute hat L&amp;L weltweit mehr als 1300 Mitarbeiter, 15 globale Standorte und 8 Produktionsst\u00e4tten erreicht.\u202f<\/span><\/span><\/p>\n<p class=\"in-view\"><strong>Links<\/strong><\/p>\n<p class=\"in-view\"><a href=\"http:\/\/www.llproducts.com\/\" target=\"_blank\" rel=\"noopener\">www.llproducts.com<\/a><\/p>\n<p class=\"in-view\"><a href=\"http:\/\/www.llproducts.com\/news\/\" target=\"_blank\" rel=\"noopener\">www.llproducts.com\/news\/<\/a><\/p>\n<p class=\"in-view\"><a href=\"https:\/\/www.linkedin.com\/company\/l&amp;l-products\" target=\"_blank\" rel=\"noreferrer noopener\">www.linkedin.com\/company\/l&amp;l-products<\/a><\/p>\n<p class=\"in-view\"><a href=\"http:\/\/www.twitter.com\/LL_Products\" target=\"_blank\" rel=\"noreferrer noopener\">www.twitter.com\/LL_Products<\/a><\/p>\n<p class=\"in-view\"><a href=\"https:\/\/www.facebook.com\/llproducts\/\" target=\"_blank\" rel=\"noreferrer noopener\">www.facebook.com\/llproducts\/<\/a><\/p><button class=\"simplefavorite-button\" data-postid=\"12119\" data-siteid=\"15\" data-groupid=\"1\" data-favoritecount=\"0\" style=\"\">Favorite <i class=\"sf-icon-star-empty\"><\/i><\/button>","protected":false},"excerpt":{"rendered":"<p>Favorite<\/p>\n","protected":false},"author":1,"featured_media":652,"comment_status":"closed","ping_status":"open","sticky":false,"template":"","format":"standard","meta":{"_acf_changed":false,"inline_featured_image":false,"footnotes":""},"categories":[16],"tags":[],"post-year":[24],"class_list":["post-12119","post","type-post","status-publish","format-standard","has-post-thumbnail","hentry","category-news","post-year-24"],"acf":[],"dsm_author":{"name":"llproducts1","avatar_url":"https:\/\/secure.gravatar.com\/avatar\/ff57a35214af8006652516432de5c162bed67b3636aa17b621bef09a36f1268d?s=96&d=mm&r=g","archive_link":"https:\/\/www.llproducts.com\/de-de\/news-events\/author\/llproducts1\/","biodata":""},"dsm_categories":[{"term_name":"News","term_id":16,"term_link":"https:\/\/www.llproducts.com\/de-de\/news-events\/category\/news\/"}],"dsm_attachment_categories":[],"dsm_featured_image":{"thumbnail":"https:\/\/www.llproducts.com\/de-de\/wp-content\/uploads\/sites\/15\/2024\/09\/csm_img_news_ccb42e93ad-150x150.jpg","medium":"https:\/\/www.llproducts.com\/de-de\/wp-content\/uploads\/sites\/15\/2024\/09\/csm_img_news_ccb42e93ad-300x205.jpg","medium_large":"https:\/\/www.llproducts.com\/de-de\/wp-content\/uploads\/sites\/15\/2024\/09\/csm_img_news_ccb42e93ad-768x525.jpg","large":"https:\/\/www.llproducts.com\/de-de\/wp-content\/uploads\/sites\/15\/2024\/09\/csm_img_news_ccb42e93ad.jpg","1536x1536":"https:\/\/www.llproducts.com\/de-de\/wp-content\/uploads\/sites\/15\/2024\/09\/csm_img_news_ccb42e93ad.jpg","2048x2048":"https:\/\/www.llproducts.com\/de-de\/wp-content\/uploads\/sites\/15\/2024\/09\/csm_img_news_ccb42e93ad.jpg","et-pb-post-main-image":"https:\/\/www.llproducts.com\/de-de\/wp-content\/uploads\/sites\/15\/2024\/09\/csm_img_news_ccb42e93ad-400x250.jpg","et-pb-post-main-image-fullwidth":"https:\/\/www.llproducts.com\/de-de\/wp-content\/uploads\/sites\/15\/2024\/09\/csm_img_news_ccb42e93ad.jpg","et-pb-portfolio-image":"https:\/\/www.llproducts.com\/de-de\/wp-content\/uploads\/sites\/15\/2024\/09\/csm_img_news_ccb42e93ad-400x284.jpg","et-pb-portfolio-module-image":"https:\/\/www.llproducts.com\/de-de\/wp-content\/uploads\/sites\/15\/2024\/09\/csm_img_news_ccb42e93ad-510x382.jpg","et-pb-portfolio-image-single":"https:\/\/www.llproducts.com\/de-de\/wp-content\/uploads\/sites\/15\/2024\/09\/csm_img_news_ccb42e93ad.jpg","et-pb-gallery-module-image-portrait":"https:\/\/www.llproducts.com\/de-de\/wp-content\/uploads\/sites\/15\/2024\/09\/csm_img_news_ccb42e93ad-400x516.jpg","et-pb-post-main-image-fullwidth-large":"https:\/\/www.llproducts.com\/de-de\/wp-content\/uploads\/sites\/15\/2024\/09\/csm_img_news_ccb42e93ad.jpg","et-pb-image--responsive--desktop":"https:\/\/www.llproducts.com\/de-de\/wp-content\/uploads\/sites\/15\/2024\/09\/csm_img_news_ccb42e93ad.jpg","et-pb-image--responsive--tablet":"https:\/\/www.llproducts.com\/de-de\/wp-content\/uploads\/sites\/15\/2024\/09\/csm_img_news_ccb42e93ad.jpg","et-pb-image--responsive--phone":"https:\/\/www.llproducts.com\/de-de\/wp-content\/uploads\/sites\/15\/2024\/09\/csm_img_news_ccb42e93ad-480x328.jpg","gform-image-choice-sm":"https:\/\/www.llproducts.com\/de-de\/wp-content\/uploads\/sites\/15\/2024\/09\/csm_img_news_ccb42e93ad.jpg","gform-image-choice-md":"https:\/\/www.llproducts.com\/de-de\/wp-content\/uploads\/sites\/15\/2024\/09\/csm_img_news_ccb42e93ad.jpg","gform-image-choice-lg":"https:\/\/www.llproducts.com\/de-de\/wp-content\/uploads\/sites\/15\/2024\/09\/csm_img_news_ccb42e93ad.jpg","full":"https:\/\/www.llproducts.com\/de-de\/wp-content\/uploads\/sites\/15\/2024\/09\/csm_img_news_ccb42e93ad.jpg"},"yoast_head":"<!-- This site is optimized with the Yoast SEO Premium plugin v27.3 (Yoast SEO v27.4) - https:\/\/yoast.com\/product\/yoast-seo-premium-wordpress\/ -->\n<title>L&amp;L Products begr\u00fc\u00dft den neuen Gesch\u00e4ftsf\u00fchrer, Herrn Stefan Albert Van Doninck, im B\u00fcro in China - L&amp;L Products - Anwendungstechnik &amp; Materialwissenschaft<\/title>\n<meta name=\"robots\" content=\"index, follow, max-snippet:-1, max-image-preview:large, max-video-preview:-1\" \/>\n<link rel=\"canonical\" href=\"https:\/\/www.llproducts.com\/de-de\/news-events\/ll-products-welcomes-new-general-manager-mr-stefan-albert-van-doninck-to-china-office\/\" \/>\n<meta property=\"og:locale\" content=\"de_DE\" \/>\n<meta property=\"og:type\" content=\"article\" \/>\n<meta property=\"og:title\" content=\"L&amp;L Products begr\u00fc\u00dft den neuen Gesch\u00e4ftsf\u00fchrer, Herrn Stefan Albert Van Doninck, im B\u00fcro in China\" \/>\n<meta property=\"og:description\" content=\"Favorite\" \/>\n<meta property=\"og:url\" content=\"https:\/\/www.llproducts.com\/de-de\/news-events\/ll-products-welcomes-new-general-manager-mr-stefan-albert-van-doninck-to-china-office\/\" \/>\n<meta property=\"og:site_name\" content=\"L&amp;L Products - Anwendungstechnik &amp; Materialwissenschaft\" \/>\n<meta property=\"article:published_time\" content=\"2019-08-17T13:33:24+00:00\" \/>\n<meta property=\"article:modified_time\" content=\"2026-04-16T15:59:45+00:00\" \/>\n<meta property=\"og:image\" content=\"https:\/\/www.llproducts.com\/de-de\/wp-content\/uploads\/sites\/15\/2024\/09\/csm_img_news_ccb42e93ad.jpg\" \/>\n\t<meta property=\"og:image:width\" content=\"940\" \/>\n\t<meta property=\"og:image:height\" content=\"642\" \/>\n\t<meta property=\"og:image:type\" content=\"image\/jpeg\" \/>\n<meta name=\"author\" content=\"llproducts1\" \/>\n<meta name=\"twitter:card\" content=\"summary_large_image\" \/>\n<meta name=\"twitter:label1\" content=\"Written by\" \/>\n\t<meta name=\"twitter:data1\" content=\"llproducts1\" \/>\n\t<meta name=\"twitter:label2\" content=\"Est. reading time\" \/>\n\t<meta name=\"twitter:data2\" content=\"2\u00a0Minuten\" \/>\n<script type=\"application\/ld+json\" class=\"yoast-schema-graph\">{\"@context\":\"https:\\\/\\\/schema.org\",\"@graph\":[{\"@type\":\"Article\",\"@id\":\"https:\\\/\\\/www.llproducts.com\\\/de-de\\\/news-events\\\/ll-products-welcomes-new-general-manager-mr-stefan-albert-van-doninck-to-china-office\\\/#article\",\"isPartOf\":{\"@id\":\"https:\\\/\\\/www.llproducts.com\\\/de-de\\\/news-events\\\/ll-products-welcomes-new-general-manager-mr-stefan-albert-van-doninck-to-china-office\\\/\"},\"author\":{\"name\":\"llproducts1\",\"@id\":\"https:\\\/\\\/www.llproducts.com\\\/de-de\\\/#\\\/schema\\\/person\\\/d4b8538feb3a0a5e614c6eaedac2c601\"},\"headline\":\"L&amp;L Products begr\u00fc\u00dft den neuen Gesch\u00e4ftsf\u00fchrer, Herrn Stefan Albert Van Doninck, im B\u00fcro in China\",\"datePublished\":\"2019-08-17T13:33:24+00:00\",\"dateModified\":\"2026-04-16T15:59:45+00:00\",\"mainEntityOfPage\":{\"@id\":\"https:\\\/\\\/www.llproducts.com\\\/de-de\\\/news-events\\\/ll-products-welcomes-new-general-manager-mr-stefan-albert-van-doninck-to-china-office\\\/\"},\"wordCount\":388,\"image\":{\"@id\":\"https:\\\/\\\/www.llproducts.com\\\/de-de\\\/news-events\\\/ll-products-welcomes-new-general-manager-mr-stefan-albert-van-doninck-to-china-office\\\/#primaryimage\"},\"thumbnailUrl\":\"https:\\\/\\\/www.llproducts.com\\\/de-de\\\/wp-content\\\/uploads\\\/sites\\\/15\\\/2024\\\/09\\\/csm_img_news_ccb42e93ad.jpg\",\"articleSection\":[\"News\"],\"inLanguage\":\"de\"},{\"@type\":\"WebPage\",\"@id\":\"https:\\\/\\\/www.llproducts.com\\\/de-de\\\/news-events\\\/ll-products-welcomes-new-general-manager-mr-stefan-albert-van-doninck-to-china-office\\\/\",\"url\":\"https:\\\/\\\/www.llproducts.com\\\/de-de\\\/news-events\\\/ll-products-welcomes-new-general-manager-mr-stefan-albert-van-doninck-to-china-office\\\/\",\"name\":\"L&amp;L Products begr\u00fc\u00dft den neuen Gesch\u00e4ftsf\u00fchrer, Herrn Stefan Albert Van Doninck, im B\u00fcro in China - L&amp;L Products - Anwendungstechnik &amp; Materialwissenschaft\",\"isPartOf\":{\"@id\":\"https:\\\/\\\/www.llproducts.com\\\/de-de\\\/#website\"},\"primaryImageOfPage\":{\"@id\":\"https:\\\/\\\/www.llproducts.com\\\/de-de\\\/news-events\\\/ll-products-welcomes-new-general-manager-mr-stefan-albert-van-doninck-to-china-office\\\/#primaryimage\"},\"image\":{\"@id\":\"https:\\\/\\\/www.llproducts.com\\\/de-de\\\/news-events\\\/ll-products-welcomes-new-general-manager-mr-stefan-albert-van-doninck-to-china-office\\\/#primaryimage\"},\"thumbnailUrl\":\"https:\\\/\\\/www.llproducts.com\\\/de-de\\\/wp-content\\\/uploads\\\/sites\\\/15\\\/2024\\\/09\\\/csm_img_news_ccb42e93ad.jpg\",\"datePublished\":\"2019-08-17T13:33:24+00:00\",\"dateModified\":\"2026-04-16T15:59:45+00:00\",\"author\":{\"@id\":\"https:\\\/\\\/www.llproducts.com\\\/de-de\\\/#\\\/schema\\\/person\\\/d4b8538feb3a0a5e614c6eaedac2c601\"},\"breadcrumb\":{\"@id\":\"https:\\\/\\\/www.llproducts.com\\\/de-de\\\/news-events\\\/ll-products-welcomes-new-general-manager-mr-stefan-albert-van-doninck-to-china-office\\\/#breadcrumb\"},\"inLanguage\":\"de\",\"potentialAction\":[{\"@type\":\"ReadAction\",\"target\":[\"https:\\\/\\\/www.llproducts.com\\\/de-de\\\/news-events\\\/ll-products-welcomes-new-general-manager-mr-stefan-albert-van-doninck-to-china-office\\\/\"]}]},{\"@type\":\"ImageObject\",\"inLanguage\":\"de\",\"@id\":\"https:\\\/\\\/www.llproducts.com\\\/de-de\\\/news-events\\\/ll-products-welcomes-new-general-manager-mr-stefan-albert-van-doninck-to-china-office\\\/#primaryimage\",\"url\":\"https:\\\/\\\/www.llproducts.com\\\/de-de\\\/wp-content\\\/uploads\\\/sites\\\/15\\\/2024\\\/09\\\/csm_img_news_ccb42e93ad.jpg\",\"contentUrl\":\"https:\\\/\\\/www.llproducts.com\\\/de-de\\\/wp-content\\\/uploads\\\/sites\\\/15\\\/2024\\\/09\\\/csm_img_news_ccb42e93ad.jpg\",\"width\":940,\"height\":642,\"caption\":\"News\"},{\"@type\":\"BreadcrumbList\",\"@id\":\"https:\\\/\\\/www.llproducts.com\\\/de-de\\\/news-events\\\/ll-products-welcomes-new-general-manager-mr-stefan-albert-van-doninck-to-china-office\\\/#breadcrumb\",\"itemListElement\":[{\"@type\":\"ListItem\",\"position\":1,\"name\":\"Home\",\"item\":\"https:\\\/\\\/www.llproducts.com\\\/de-de\\\/\"},{\"@type\":\"ListItem\",\"position\":2,\"name\":\"L&amp;L Products begr\u00fc\u00dft den neuen Gesch\u00e4ftsf\u00fchrer, Herrn Stefan Albert Van Doninck, im B\u00fcro in China\"}]},{\"@type\":\"WebSite\",\"@id\":\"https:\\\/\\\/www.llproducts.com\\\/de-de\\\/#website\",\"url\":\"https:\\\/\\\/www.llproducts.com\\\/de-de\\\/\",\"name\":\"L&amp;L Products - Anwendungstechnik &amp; Materialwissenschaft\",\"description\":\"\",\"potentialAction\":[{\"@type\":\"SearchAction\",\"target\":{\"@type\":\"EntryPoint\",\"urlTemplate\":\"https:\\\/\\\/www.llproducts.com\\\/de-de\\\/?s={search_term_string}\"},\"query-input\":{\"@type\":\"PropertyValueSpecification\",\"valueRequired\":true,\"valueName\":\"search_term_string\"}}],\"inLanguage\":\"de\"},{\"@type\":\"Person\",\"@id\":\"https:\\\/\\\/www.llproducts.com\\\/de-de\\\/#\\\/schema\\\/person\\\/d4b8538feb3a0a5e614c6eaedac2c601\",\"name\":\"llproducts1\",\"image\":{\"@type\":\"ImageObject\",\"inLanguage\":\"de\",\"@id\":\"https:\\\/\\\/secure.gravatar.com\\\/avatar\\\/ff57a35214af8006652516432de5c162bed67b3636aa17b621bef09a36f1268d?s=96&d=mm&r=g\",\"url\":\"https:\\\/\\\/secure.gravatar.com\\\/avatar\\\/ff57a35214af8006652516432de5c162bed67b3636aa17b621bef09a36f1268d?s=96&d=mm&r=g\",\"contentUrl\":\"https:\\\/\\\/secure.gravatar.com\\\/avatar\\\/ff57a35214af8006652516432de5c162bed67b3636aa17b621bef09a36f1268d?s=96&d=mm&r=g\",\"caption\":\"llproducts1\"},\"sameAs\":[\"https:\\\/\\\/llproducts1.wpenginepowered.com\"],\"url\":\"https:\\\/\\\/www.llproducts.com\\\/de-de\\\/news-events\\\/author\\\/llproducts1\\\/\"}]}<\/script>\n<!-- \/ Yoast SEO Premium plugin. -->","yoast_head_json":{"title":"L&amp;L Products begr\u00fc\u00dft den neuen Gesch\u00e4ftsf\u00fchrer, Herrn Stefan Albert Van Doninck, im B\u00fcro in China - L&amp;L Products - Anwendungstechnik &amp; Materialwissenschaft","robots":{"index":"index","follow":"follow","max-snippet":"max-snippet:-1","max-image-preview":"max-image-preview:large","max-video-preview":"max-video-preview:-1"},"canonical":"https:\/\/www.llproducts.com\/de-de\/news-events\/ll-products-welcomes-new-general-manager-mr-stefan-albert-van-doninck-to-china-office\/","og_locale":"de_DE","og_type":"article","og_title":"L&amp;L Products begr\u00fc\u00dft den neuen Gesch\u00e4ftsf\u00fchrer, Herrn Stefan Albert Van Doninck, im B\u00fcro in China","og_description":"Favorite","og_url":"https:\/\/www.llproducts.com\/de-de\/news-events\/ll-products-welcomes-new-general-manager-mr-stefan-albert-van-doninck-to-china-office\/","og_site_name":"L&amp;L Products - Anwendungstechnik &amp; Materialwissenschaft","article_published_time":"2019-08-17T13:33:24+00:00","article_modified_time":"2026-04-16T15:59:45+00:00","og_image":[{"width":940,"height":642,"url":"https:\/\/www.llproducts.com\/de-de\/wp-content\/uploads\/sites\/15\/2024\/09\/csm_img_news_ccb42e93ad.jpg","type":"image\/jpeg"}],"author":"llproducts1","twitter_card":"summary_large_image","twitter_misc":{"Written by":"llproducts1","Est. reading time":"2\u00a0Minuten"},"schema":{"@context":"https:\/\/schema.org","@graph":[{"@type":"Article","@id":"https:\/\/www.llproducts.com\/de-de\/news-events\/ll-products-welcomes-new-general-manager-mr-stefan-albert-van-doninck-to-china-office\/#article","isPartOf":{"@id":"https:\/\/www.llproducts.com\/de-de\/news-events\/ll-products-welcomes-new-general-manager-mr-stefan-albert-van-doninck-to-china-office\/"},"author":{"name":"llproducts1","@id":"https:\/\/www.llproducts.com\/de-de\/#\/schema\/person\/d4b8538feb3a0a5e614c6eaedac2c601"},"headline":"L&amp;L Products begr\u00fc\u00dft den neuen Gesch\u00e4ftsf\u00fchrer, Herrn Stefan Albert Van Doninck, im B\u00fcro in China","datePublished":"2019-08-17T13:33:24+00:00","dateModified":"2026-04-16T15:59:45+00:00","mainEntityOfPage":{"@id":"https:\/\/www.llproducts.com\/de-de\/news-events\/ll-products-welcomes-new-general-manager-mr-stefan-albert-van-doninck-to-china-office\/"},"wordCount":388,"image":{"@id":"https:\/\/www.llproducts.com\/de-de\/news-events\/ll-products-welcomes-new-general-manager-mr-stefan-albert-van-doninck-to-china-office\/#primaryimage"},"thumbnailUrl":"https:\/\/www.llproducts.com\/de-de\/wp-content\/uploads\/sites\/15\/2024\/09\/csm_img_news_ccb42e93ad.jpg","articleSection":["News"],"inLanguage":"de"},{"@type":"WebPage","@id":"https:\/\/www.llproducts.com\/de-de\/news-events\/ll-products-welcomes-new-general-manager-mr-stefan-albert-van-doninck-to-china-office\/","url":"https:\/\/www.llproducts.com\/de-de\/news-events\/ll-products-welcomes-new-general-manager-mr-stefan-albert-van-doninck-to-china-office\/","name":"L&amp;L Products begr\u00fc\u00dft den neuen Gesch\u00e4ftsf\u00fchrer, Herrn Stefan Albert Van Doninck, im B\u00fcro in China - L&amp;L Products - Anwendungstechnik &amp; Materialwissenschaft","isPartOf":{"@id":"https:\/\/www.llproducts.com\/de-de\/#website"},"primaryImageOfPage":{"@id":"https:\/\/www.llproducts.com\/de-de\/news-events\/ll-products-welcomes-new-general-manager-mr-stefan-albert-van-doninck-to-china-office\/#primaryimage"},"image":{"@id":"https:\/\/www.llproducts.com\/de-de\/news-events\/ll-products-welcomes-new-general-manager-mr-stefan-albert-van-doninck-to-china-office\/#primaryimage"},"thumbnailUrl":"https:\/\/www.llproducts.com\/de-de\/wp-content\/uploads\/sites\/15\/2024\/09\/csm_img_news_ccb42e93ad.jpg","datePublished":"2019-08-17T13:33:24+00:00","dateModified":"2026-04-16T15:59:45+00:00","author":{"@id":"https:\/\/www.llproducts.com\/de-de\/#\/schema\/person\/d4b8538feb3a0a5e614c6eaedac2c601"},"breadcrumb":{"@id":"https:\/\/www.llproducts.com\/de-de\/news-events\/ll-products-welcomes-new-general-manager-mr-stefan-albert-van-doninck-to-china-office\/#breadcrumb"},"inLanguage":"de","potentialAction":[{"@type":"ReadAction","target":["https:\/\/www.llproducts.com\/de-de\/news-events\/ll-products-welcomes-new-general-manager-mr-stefan-albert-van-doninck-to-china-office\/"]}]},{"@type":"ImageObject","inLanguage":"de","@id":"https:\/\/www.llproducts.com\/de-de\/news-events\/ll-products-welcomes-new-general-manager-mr-stefan-albert-van-doninck-to-china-office\/#primaryimage","url":"https:\/\/www.llproducts.com\/de-de\/wp-content\/uploads\/sites\/15\/2024\/09\/csm_img_news_ccb42e93ad.jpg","contentUrl":"https:\/\/www.llproducts.com\/de-de\/wp-content\/uploads\/sites\/15\/2024\/09\/csm_img_news_ccb42e93ad.jpg","width":940,"height":642,"caption":"News"},{"@type":"BreadcrumbList","@id":"https:\/\/www.llproducts.com\/de-de\/news-events\/ll-products-welcomes-new-general-manager-mr-stefan-albert-van-doninck-to-china-office\/#breadcrumb","itemListElement":[{"@type":"ListItem","position":1,"name":"Home","item":"https:\/\/www.llproducts.com\/de-de\/"},{"@type":"ListItem","position":2,"name":"L&amp;L Products begr\u00fc\u00dft den neuen Gesch\u00e4ftsf\u00fchrer, Herrn Stefan Albert Van Doninck, im B\u00fcro in China"}]},{"@type":"WebSite","@id":"https:\/\/www.llproducts.com\/de-de\/#website","url":"https:\/\/www.llproducts.com\/de-de\/","name":"L&amp;L Products - Anwendungstechnik &amp; Materialwissenschaft","description":"","potentialAction":[{"@type":"SearchAction","target":{"@type":"EntryPoint","urlTemplate":"https:\/\/www.llproducts.com\/de-de\/?s={search_term_string}"},"query-input":{"@type":"PropertyValueSpecification","valueRequired":true,"valueName":"search_term_string"}}],"inLanguage":"de"},{"@type":"Person","@id":"https:\/\/www.llproducts.com\/de-de\/#\/schema\/person\/d4b8538feb3a0a5e614c6eaedac2c601","name":"llproducts1","image":{"@type":"ImageObject","inLanguage":"de","@id":"https:\/\/secure.gravatar.com\/avatar\/ff57a35214af8006652516432de5c162bed67b3636aa17b621bef09a36f1268d?s=96&d=mm&r=g","url":"https:\/\/secure.gravatar.com\/avatar\/ff57a35214af8006652516432de5c162bed67b3636aa17b621bef09a36f1268d?s=96&d=mm&r=g","contentUrl":"https:\/\/secure.gravatar.com\/avatar\/ff57a35214af8006652516432de5c162bed67b3636aa17b621bef09a36f1268d?s=96&d=mm&r=g","caption":"llproducts1"},"sameAs":["https:\/\/llproducts1.wpenginepowered.com"],"url":"https:\/\/www.llproducts.com\/de-de\/news-events\/author\/llproducts1\/"}]}},"_links":{"self":[{"href":"https:\/\/www.llproducts.com\/de-de\/wp-json\/wp\/v2\/posts\/12119","targetHints":{"allow":["GET"]}}],"collection":[{"href":"https:\/\/www.llproducts.com\/de-de\/wp-json\/wp\/v2\/posts"}],"about":[{"href":"https:\/\/www.llproducts.com\/de-de\/wp-json\/wp\/v2\/types\/post"}],"author":[{"embeddable":true,"href":"https:\/\/www.llproducts.com\/de-de\/wp-json\/wp\/v2\/users\/1"}],"replies":[{"embeddable":true,"href":"https:\/\/www.llproducts.com\/de-de\/wp-json\/wp\/v2\/comments?post=12119"}],"version-history":[{"count":0,"href":"https:\/\/www.llproducts.com\/de-de\/wp-json\/wp\/v2\/posts\/12119\/revisions"}],"wp:featuredmedia":[{"embeddable":true,"href":"https:\/\/www.llproducts.com\/de-de\/wp-json\/wp\/v2\/media\/652"}],"wp:attachment":[{"href":"https:\/\/www.llproducts.com\/de-de\/wp-json\/wp\/v2\/media?parent=12119"}],"wp:term":[{"taxonomy":"category","embeddable":true,"href":"https:\/\/www.llproducts.com\/de-de\/wp-json\/wp\/v2\/categories?post=12119"},{"taxonomy":"post_tag","embeddable":true,"href":"https:\/\/www.llproducts.com\/de-de\/wp-json\/wp\/v2\/tags?post=12119"},{"taxonomy":"post-year","embeddable":true,"href":"https:\/\/www.llproducts.com\/de-de\/wp-json\/wp\/v2\/post-year?post=12119"}],"curies":[{"name":"wp","href":"https:\/\/api.w.org\/{rel}","templated":true}]}}